{"id":2985,"date":"2022-04-27T19:16:19","date_gmt":"2022-04-27T18:16:19","guid":{"rendered":"https:\/\/otwartyplan.org\/?p=2985"},"modified":"2022-09-20T14:38:33","modified_gmt":"2022-09-20T13:38:33","slug":"zaproszenie-na-rezydencjekarawany-klimatyczne-czyli-sztuka-i-aktywizm-w-dobie-kryzysu-klimatycznego","status":"publish","type":"post","link":"https:\/\/otwartyplan.org\/en\/zaproszenie-na-rezydencjekarawany-klimatyczne-czyli-sztuka-i-aktywizm-w-dobie-kryzysu-klimatycznego\/","title":{"rendered":"Zaproszenie na rezydencje<br>Karawany klimatyczne czyli sztuka i aktywizm w dobie kryzysu klimatycznego"},"content":{"rendered":"<figure class=\"wp-block-image size-full is-resized\"><img loading=\"lazy\" decoding=\"async\" src=\"https:\/\/otwartyplan.org\/wp-content\/uploads\/2022\/04\/kk.png\" alt=\"\" class=\"wp-image-2987\" width=\"844\" height=\"265\" srcset=\"https:\/\/otwartyplan.org\/wp-content\/uploads\/2022\/04\/kk.png 641w, https:\/\/otwartyplan.org\/wp-content\/uploads\/2022\/04\/kk-300x94.png 300w\" sizes=\"auto, (max-width: 844px) 100vw, 844px\" \/><\/figure>\n\n\n\n<p>W ramach czterodniowej rezydencji <strong>zapraszamy artyst\u00f3w\/artystki, aktywist\u00f3w\/aktywistki i badaczki\/badaczy<\/strong> do wsp\u00f3lnej wymiany praktyk i tworzenia dzie\u0142 sztuki wizualnej. Nasz projekt ma na celu, zwr\u00f3cenie uwagi na zagro\u017cenia zwi\u0105zane ze zmianami klimatycznymi, i tym samym wzmacnianie odporno\u015bci na nie, poprzez odkrywanie zr\u00f3wnowa\u017conych relacji i praktyk artystycznych skupionych na spo\u0142eczno\u015bci.&nbsp;<\/p>\n\n\n\n<p><strong>Karawany klimatyczne <\/strong>to miejsce, w kt\u00f3rym mo\u017cna si\u0119 anga\u017cowa\u0107, odkrywa\u0107 i wsp\u00f3\u0142tworzy\u0107. To tak\u017ce przestrze\u0144 gdzie aktywizm \u015bwiata sztuki pozwala artystom\/artystkom na mierzenie si\u0119 ze wsp\u00f3\u0142czesnymi problemami poprzez wsp\u00f3ln\u0105 refleksj\u0119 na temat tego jak obecny system spo\u0142eczno-ekonomiczny wp\u0142ywa na \u015bwiat, w tym na ludzi i spo\u0142eczno\u015bci.&nbsp;<\/p>\n\n\n\n<p>Program b\u0119dzie obejmowa\u0142 wsp\u00f3lne posi\u0142ki, le\u015bne spacery, dzielenie si\u0119 wiedz\u0105, warsztaty, a tak\u017ce czas na tworzenie samemu lub w grupach. Zach\u0119camy uczestnik\u00f3w i uczestniczki do wsp\u00f3\u0142pracy i wychodzenia poza swoje dyscypliny.<\/p>\n\n\n\n<p>Termin sk\u0142adania wniosk\u00f3w<strong>: 30 maja 2022 r.<\/strong> Mo\u017cna zg\u0142asza\u0107 si\u0119 indywidualnie lub jako ma\u0142a grupa. Rezydencje b\u0119d\u0105 odbywa\u0107 si\u0119 w Sk\u0142adzie Solnym, ul. Na Zje\u017adzie 8 w Krakowie.<\/p>\n\n\n\n<p>Zapewnione s\u0105 proste trzy posi\u0142ki dziennie, kt\u00f3re przygotowujemy wsp\u00f3lnie. Przestrze\u0144 warsztatowa b\u0119dzie dost\u0119pna dla wszystkich. Je\u015bli jeste\u015b z daleka i potrzebujesz noclegu napisz do nas &#8211; postaramy si\u0119 co\u015b za\u0142atwi\u0107 \ud83d\ude42<\/p>\n\n\n\n<p>Formularz zg\u0142oszeniowy: <a href=\"https:\/\/forms.gle\/H6DMrLA8DTes5hYU8\" rel=\"nofollow noopener\" target=\"_blank\">https:\/\/forms.gle\/H6DMrLA8DTes5hYU8<\/a><\/p>\n\n\n\n<p><\/p>\n\n\n\n<p><strong>Eksperci\/tki:<\/strong><\/p>\n\n\n\n<p><strong>Ma\u0142gorzata Bia\u0142ek <\/strong>&#8211; w 2008 r. uko\u0144czy\u0142a Akademi\u0119 Teatraln\u0105 w Krakowie im. Ludwika Solskiego Wydzia\u0142 Aktorstwa Dramatycznego we Wroc\u0142awiu. Aktorka Teatru Dramatycznego w Wa\u0142brzychu i Teatru Wsp\u00f3\u0142czesnego w Krakowie w latach 2008 &#8211; 2018. Autorka bajek teatralnych dla dzieci w wieku przedszkolnym. Wsp\u00f3\u0142za\u0142o\u017cycielka grupy artystycznej Re-Publika Artyst\u00f3w w Krakowie. Kuratorka wystaw sztuki wsp\u00f3\u0142czesnej w Galerii 2 \u015awiaty.&nbsp;<\/p>\n\n\n\n<p><strong>Magdalena Klarenbach<\/strong> &#8211; socjolo\u017cka, pracowniczka ekologicznych organizacji pozarz\u0105dowych i aktywistka z ponad 10-letnim do\u015bwiadczeniem w edukacji. Autorka r\u00f3\u017cnorodnych publikacji dla nauczycieli (przewodniki metodyczne, scenariusze lekcji, kursy e-learningowe) i uczni\u00f3w. Trenerka z do\u015bwiadczeniem w zakresie edukacji globalnej. W praktyce zawodowej koncentruje si\u0119 na doros\u0142ych i m\u0142odzie\u017cy. Zainteresowania badawcze zwi\u0105zane s\u0105 z ruchem m\u0142odzie\u017cowym, zmianami klimatycznymi, edukacj\u0105 globaln\u0105, zr\u00f3wnowa\u017conym rozwojem, zw\u0142aszcza w kontek\u015bcie miasta. Za\u0142o\u017cycielka i cz\u0142onkini zarz\u0105du Fundacji Otwarty Plan.&nbsp;<\/p>\n\n\n\n<p><strong>Jakub Palacz<\/strong> &#8211; aktor filmowy i teatralny. Dramaturg performer i muzyk. W 1999 roku uko\u0144czy\u0142 studia na PWST w Krakowie. Wsp\u00f3\u0142pracowa\u0142&nbsp; z teatrami: Bagatela, Teatr Buckleina, Teatr \u0141a\u017ania Nowa. Gra na gitarze w zespole ELOE. Komponuje muzyk\u0119 do filmu i teatru. Za\u0142o\u017cyciel teatru ELOE theater of noise&nbsp; z kt\u00f3rym bra\u0142 udzia\u0142 w festiwalu Malta 2007. Autor sztuki Dzieci Energii ,prze\u0142o\u017conej na dwa j\u0119zyki. Wsp\u00f3\u0142pracowa\u0142&nbsp; z TVN, Discovery, TVP. Zagra\u0142 szereg r\u00f3l teatralnych w r\u00f3\u017cnych teatrach w Polsce i za granic\u0105. Najwa\u017cniejsza to Kr\u00f3l Edyp, kt\u00f3rego zagra\u0142 w trzech r\u00f3\u017cnych wersjach. \u0141a\u017ania Nowa, Project Theater Studio (Wiede\u0144), Teatr Cracovia, Teatr Vis a Vis.<\/p>\n\n\n\n<div data-wp-interactive=\"core\/file\" class=\"wp-block-file\"><object data-wp-bind--hidden=\"!state.hasPdfPreview\" hidden class=\"wp-block-file__embed\" data=\"https:\/\/otwartyplan.org\/wp-content\/uploads\/2022\/06\/Klimatyczne-karawany_zaproszenie.pdf\" type=\"application\/pdf\" style=\"width:100%;height:600px\" aria-label=\"Embed of Osadzone z Klimatyczne-karawany_zaproszenie..\"><\/object><a id=\"wp-block-file--media-89acf69c-555f-440b-b3db-74f9a7e8030e\" href=\"https:\/\/otwartyplan.org\/wp-content\/uploads\/2022\/06\/Klimatyczne-karawany_zaproszenie.pdf\">Klimatyczne-karawany_zaproszenie<\/a><a href=\"https:\/\/otwartyplan.org\/wp-content\/uploads\/2022\/06\/Klimatyczne-karawany_zaproszenie.pdf\" class=\"wp-block-file__button\" aria-describedby=\"wp-block-file--media-89acf69c-555f-440b-b3db-74f9a7e8030e\" download>Pobierz<\/a><\/div>\n\n\n\n<p>W ramach projektu Karawany klimatyczne, realizowanego przez <a href=\"https:\/\/eu-russia-csf.org\/\" data-type=\"URL\" data-id=\"https:\/\/eu-russia-csf.org\/\" rel=\"nofollow noopener\" target=\"_blank\">Forum Spo\u0142ecze\u0144stwa Obywatelskiego UE-Rosja, <\/a>opracowywane s\u0105 kreatywne narz\u0119dzia pozwalaj\u0105ce na refleksj\u0119 za pomoc\u0105 \u015brodk\u00f3w kulturowych nad konkretnymi lokalnymi przemianami spowodowanymi, bezpo\u015brednio lub po\u015brednio, przez zmiany klimatu. W projekcie we\u017amie udzia\u0142 6 region\u00f3w europejskich &#8211; Brandenburgia\/granica Saksonii, Morze Ba\u0142tyckie\/Mierzeja Kuro\u0144ska, \u015al\u0105sk, wiejska Mo\u0142dawia, Apulia i p\u00f3\u0142nocna Holandia. Wsp\u00f3lnie b\u0119d\u0105 pracowa\u0107 nad stworzeniem oboz\u00f3w dla lokalnej m\u0142odzie\u017cy, artyst\u00f3w i aktywnych obywateli anga\u017cuj\u0105cych si\u0119 na rzecz sprawiedliwo\u015bci klimatycznej w swoich dzielnicach. Dzi\u0119ki wsp\u00f3\u0142pracy transeuropejskiej projekt b\u0119dzie wzmacnia\u0142 solidarno\u015b\u0107 mi\u0119dzy obywatelami zaanga\u017cowanymi w edukacj\u0119 kulturaln\u0105, a tak\u017ce wspiera\u0142 kolektywy i ich lokalne zaanga\u017cowanie.<\/p>","protected":false},"excerpt":{"rendered":"<p>W ramach czterodniowej rezydencji zapraszamy artyst\u00f3w\/artystki, aktywist\u00f3w\/aktywistki i badaczki\/badaczy do wsp\u00f3lnej wymiany praktyk i tworzenia dzie\u0142 sztuki wizualnej. Nasz projekt ma na celu, zwr\u00f3cenie uwagi na zagro\u017cenia zwi\u0105zane ze zmianami klimatycznymi, i tym samym wzmacnianie odporno\u015bci na nie, poprzez odkrywanie [&hellip;]<\/p>\n","protected":false},"author":4,"featured_media":0,"comment_status":"open","ping_status":"open","sticky":false,"template":"","format":"standard","meta":{"geojson_data":"","footnotes":""},"categories":[211,1],"tags":[],"class_list":["post-2985","post","type-post","status-publish","format-standard","hentry","category-klimat","category-powietrza"],"_links":{"self":[{"href":"https:\/\/otwartyplan.org\/en\/wp-json\/wp\/v2\/posts\/2985","targetHints":{"allow":["GET"]}}],"collection":[{"href":"https:\/\/otwartyplan.org\/en\/wp-json\/wp\/v2\/posts"}],"about":[{"href":"https:\/\/otwartyplan.org\/en\/wp-json\/wp\/v2\/types\/post"}],"author":[{"embeddable":true,"href":"https:\/\/otwartyplan.org\/en\/wp-json\/wp\/v2\/users\/4"}],"replies":[{"embeddable":true,"href":"https:\/\/otwartyplan.org\/en\/wp-json\/wp\/v2\/comments?post=2985"}],"version-history":[{"count":5,"href":"https:\/\/otwartyplan.org\/en\/wp-json\/wp\/v2\/posts\/2985\/revisions"}],"predecessor-version":[{"id":2999,"href":"https:\/\/otwartyplan.org\/en\/wp-json\/wp\/v2\/posts\/2985\/revisions\/2999"}],"wp:attachment":[{"href":"https:\/\/otwartyplan.org\/en\/wp-json\/wp\/v2\/media?parent=2985"}],"wp:term":[{"taxonomy":"category","embeddable":true,"href":"https:\/\/otwartyplan.org\/en\/wp-json\/wp\/v2\/categories?post=2985"},{"taxonomy":"post_tag","embeddable":true,"href":"https:\/\/otwartyplan.org\/en\/wp-json\/wp\/v2\/tags?post=2985"}],"curies":[{"name":"wp","href":"https:\/\/api.w.org\/{rel}","templated":true}]}}